{"id":230,"date":"2020-11-06T20:11:28","date_gmt":"2020-11-06T19:11:28","guid":{"rendered":"https:\/\/www.07000.no\/osteroy\/?p=230"},"modified":"2020-11-06T20:13:24","modified_gmt":"2020-11-06T19:13:24","slug":"krav-til-munnbind-i-taxi-fra-7-11-20","status":"publish","type":"post","link":"https:\/\/www.07000.no\/osteroy\/aktuelt\/krav-til-munnbind-i-taxi-fra-7-11-20\/","title":{"rendered":"Krav til munnbind i taxi fra 7.11.20"},"content":{"rendered":"\n<div class=\"wp-block-image\"><figure class=\"alignleft size-medium is-resized\"><img loading=\"lazy\" decoding=\"async\" src=\"https:\/\/www.07000.no\/osteroy\/wp-content\/uploads\/sites\/5\/2020\/11\/koronavirus-tema21-300x200.png\" alt=\"\" class=\"wp-image-229\" width=\"228\" height=\"151\" srcset=\"https:\/\/www.07000.no\/osteroy\/wp-content\/uploads\/sites\/5\/2020\/11\/koronavirus-tema21-300x200.png 300w, https:\/\/www.07000.no\/osteroy\/wp-content\/uploads\/sites\/5\/2020\/11\/koronavirus-tema21.png 370w\" sizes=\"auto, (max-width: 228px) 100vw, 228px\" \/><\/figure><\/div>\n\n\n\n<p>Oster\u00f8y kommune har i lag med Bergen og kommunene rundt jobbet frem en felles tiltakspakke som skal bremse smitteutviklingen i regionen.<\/p>\n\n\n\n<p>Det er krav til bruk av munnbind eller ansiktsmaske i taxi, for sj\u00e5f\u00f8rer og alle passasjerer.  Bestemmelsen gjelder ikke barn under ungdomsskolealder, eller personer som av andre helsemessige \u00e5rsaker ikke kan bruke munnbind.\u00a0<\/p>\n\n\n\n<p>Tiltaket vil gjelde fra og med l\u00f8rdag 7. november og i f\u00f8rste omgang til 23. november.<\/p>\n\n\n\n<p>For de som ikke har med eget munnbind vil det v\u00e6re mulig \u00e5 f\u00e5 kj\u00f8pt munnbind av sj\u00e5f\u00f8rene v\u00e5re.<\/p>\n\n\n\n<figure class=\"wp-block-image size-large\"><img loading=\"lazy\" decoding=\"async\" width=\"1024\" height=\"1024\" src=\"https:\/\/www.07000.no\/osteroy\/wp-content\/uploads\/sites\/5\/2020\/05\/reistrygt-1024x1024.jpg\" alt=\"\" class=\"wp-image-144\" \/><\/figure>\n","protected":false},"excerpt":{"rendered":"<p>Oster\u00f8y kommune har i lag med Bergen og kommunene rundt jobbet frem en felles tiltakspakke som skal bremse smitteutviklingen i regionen. Det er krav til bruk av munnbind eller ansiktsmaske i taxi, for sj\u00e5f\u00f8rer og alle passasjerer. Bestemmelsen gjelder ikke barn under ungdomsskolealder, eller personer som av andre helsemessige \u00e5rsaker ikke kan bruke munnbind.\u00a0 Tiltaket&#8230; <a class=\"readmore\" href=\"https:\/\/www.07000.no\/osteroy\/aktuelt\/krav-til-munnbind-i-taxi-fra-7-11-20\/\"><i>Les mer<\/i><\/a><\/p>\n","protected":false},"author":15,"featured_media":0,"comment_status":"closed","ping_status":"closed","sticky":false,"template":"","format":"standard","meta":{"_acf_changed":false,"footnotes":""},"categories":[1],"tags":[],"class_list":["post-230","post","type-post","status-publish","format-standard","hentry","category-ukategorisert"],"acf":[],"yoast_head":"<!-- This site is optimized with the Yoast SEO plugin v27.5 - https:\/\/yoast.com\/product\/yoast-seo-wordpress\/ -->\n<title>Krav til munnbind i taxi fra 7.11.20 - Oster\u00f8y Taxi<\/title>\n<meta name=\"robots\" content=\"index, follow, max-snippet:-1, max-image-preview:large, max-video-preview:-1\" \/>\n<link rel=\"canonical\" href=\"https:\/\/www.07000.no\/osteroy\/aktuelt\/krav-til-munnbind-i-taxi-fra-7-11-20\/\" \/>\n<meta property=\"og:locale\" content=\"nb_NO\" \/>\n<meta property=\"og:type\" content=\"article\" \/>\n<meta property=\"og:title\" content=\"Krav til munnbind i taxi fra 7.11.20 - Oster\u00f8y Taxi\" \/>\n<meta property=\"og:description\" content=\"Oster\u00f8y kommune har i lag med Bergen og kommunene rundt jobbet frem en felles tiltakspakke som skal bremse smitteutviklingen i regionen. Det er krav til bruk av munnbind eller ansiktsmaske i taxi, for sj\u00e5f\u00f8rer og alle passasjerer. Bestemmelsen gjelder ikke barn under ungdomsskolealder, eller personer som av andre helsemessige \u00e5rsaker ikke kan bruke munnbind.\u00a0 Tiltaket... Les mer\" \/>\n<meta property=\"og:url\" content=\"https:\/\/www.07000.no\/osteroy\/aktuelt\/krav-til-munnbind-i-taxi-fra-7-11-20\/\" \/>\n<meta property=\"og:site_name\" content=\"Oster\u00f8y Taxi\" \/>\n<meta property=\"article:published_time\" content=\"2020-11-06T19:11:28+00:00\" \/>\n<meta property=\"article:modified_time\" content=\"2020-11-06T19:13:24+00:00\" \/>\n<meta property=\"og:image\" content=\"https:\/\/www.07000.no\/osteroy\/wp-content\/uploads\/sites\/5\/2020\/11\/koronavirus-tema21-300x200.png\" \/>\n<meta name=\"author\" content=\"adminosteroy\" \/>\n<meta name=\"twitter:card\" content=\"summary_large_image\" \/>\n<meta name=\"twitter:label1\" content=\"Skrevet av\" \/>\n\t<meta name=\"twitter:data1\" content=\"adminosteroy\" \/>\n<script type=\"application\/ld+json\" class=\"yoast-schema-graph\">{\"@context\":\"https:\\\/\\\/schema.org\",\"@graph\":[{\"@type\":\"Article\",\"@id\":\"https:\\\/\\\/www.07000.no\\\/osteroy\\\/aktuelt\\\/krav-til-munnbind-i-taxi-fra-7-11-20\\\/#article\",\"isPartOf\":{\"@id\":\"https:\\\/\\\/www.07000.no\\\/osteroy\\\/aktuelt\\\/krav-til-munnbind-i-taxi-fra-7-11-20\\\/\"},\"author\":{\"name\":\"adminosteroy\",\"@id\":\"https:\\\/\\\/www.07000.no\\\/osteroy\\\/#\\\/schema\\\/person\\\/bc3cef62e92310b2cabf0f56ea82f0ab\"},\"headline\":\"Krav til munnbind i taxi fra 7.11.20\",\"datePublished\":\"2020-11-06T19:11:28+00:00\",\"dateModified\":\"2020-11-06T19:13:24+00:00\",\"mainEntityOfPage\":{\"@id\":\"https:\\\/\\\/www.07000.no\\\/osteroy\\\/aktuelt\\\/krav-til-munnbind-i-taxi-fra-7-11-20\\\/\"},\"wordCount\":102,\"image\":{\"@id\":\"https:\\\/\\\/www.07000.no\\\/osteroy\\\/aktuelt\\\/krav-til-munnbind-i-taxi-fra-7-11-20\\\/#primaryimage\"},\"thumbnailUrl\":\"https:\\\/\\\/www.07000.no\\\/osteroy\\\/wp-content\\\/uploads\\\/sites\\\/5\\\/2020\\\/11\\\/koronavirus-tema21-300x200.png\",\"inLanguage\":\"nb-NO\"},{\"@type\":\"WebPage\",\"@id\":\"https:\\\/\\\/www.07000.no\\\/osteroy\\\/aktuelt\\\/krav-til-munnbind-i-taxi-fra-7-11-20\\\/\",\"url\":\"https:\\\/\\\/www.07000.no\\\/osteroy\\\/aktuelt\\\/krav-til-munnbind-i-taxi-fra-7-11-20\\\/\",\"name\":\"Krav til munnbind i taxi fra 7.11.20 - Oster\u00f8y Taxi\",\"isPartOf\":{\"@id\":\"https:\\\/\\\/www.07000.no\\\/osteroy\\\/#website\"},\"primaryImageOfPage\":{\"@id\":\"https:\\\/\\\/www.07000.no\\\/osteroy\\\/aktuelt\\\/krav-til-munnbind-i-taxi-fra-7-11-20\\\/#primaryimage\"},\"image\":{\"@id\":\"https:\\\/\\\/www.07000.no\\\/osteroy\\\/aktuelt\\\/krav-til-munnbind-i-taxi-fra-7-11-20\\\/#primaryimage\"},\"thumbnailUrl\":\"https:\\\/\\\/www.07000.no\\\/osteroy\\\/wp-content\\\/uploads\\\/sites\\\/5\\\/2020\\\/11\\\/koronavirus-tema21-300x200.png\",\"datePublished\":\"2020-11-06T19:11:28+00:00\",\"dateModified\":\"2020-11-06T19:13:24+00:00\",\"author\":{\"@id\":\"https:\\\/\\\/www.07000.no\\\/osteroy\\\/#\\\/schema\\\/person\\\/bc3cef62e92310b2cabf0f56ea82f0ab\"},\"breadcrumb\":{\"@id\":\"https:\\\/\\\/www.07000.no\\\/osteroy\\\/aktuelt\\\/krav-til-munnbind-i-taxi-fra-7-11-20\\\/#breadcrumb\"},\"inLanguage\":\"nb-NO\",\"potentialAction\":[{\"@type\":\"ReadAction\",\"target\":[\"https:\\\/\\\/www.07000.no\\\/osteroy\\\/aktuelt\\\/krav-til-munnbind-i-taxi-fra-7-11-20\\\/\"]}]},{\"@type\":\"ImageObject\",\"inLanguage\":\"nb-NO\",\"@id\":\"https:\\\/\\\/www.07000.no\\\/osteroy\\\/aktuelt\\\/krav-til-munnbind-i-taxi-fra-7-11-20\\\/#primaryimage\",\"url\":\"https:\\\/\\\/www.07000.no\\\/osteroy\\\/wp-content\\\/uploads\\\/sites\\\/5\\\/2020\\\/11\\\/koronavirus-tema21.png\",\"contentUrl\":\"https:\\\/\\\/www.07000.no\\\/osteroy\\\/wp-content\\\/uploads\\\/sites\\\/5\\\/2020\\\/11\\\/koronavirus-tema21.png\",\"width\":370,\"height\":247},{\"@type\":\"BreadcrumbList\",\"@id\":\"https:\\\/\\\/www.07000.no\\\/osteroy\\\/aktuelt\\\/krav-til-munnbind-i-taxi-fra-7-11-20\\\/#breadcrumb\",\"itemListElement\":[{\"@type\":\"ListItem\",\"position\":1,\"name\":\"Hjem\",\"item\":\"https:\\\/\\\/www.07000.no\\\/osteroy\\\/\"},{\"@type\":\"ListItem\",\"position\":2,\"name\":\"Krav til munnbind i taxi fra 7.11.20\"}]},{\"@type\":\"WebSite\",\"@id\":\"https:\\\/\\\/www.07000.no\\\/osteroy\\\/#website\",\"url\":\"https:\\\/\\\/www.07000.no\\\/osteroy\\\/\",\"name\":\"Oster\u00f8y Taxi\",\"description\":\"Bestill taxi p\u00e5 nett eller i app!\",\"potentialAction\":[{\"@type\":\"SearchAction\",\"target\":{\"@type\":\"EntryPoint\",\"urlTemplate\":\"https:\\\/\\\/www.07000.no\\\/osteroy\\\/?s={search_term_string}\"},\"query-input\":{\"@type\":\"PropertyValueSpecification\",\"valueRequired\":true,\"valueName\":\"search_term_string\"}}],\"inLanguage\":\"nb-NO\"},{\"@type\":\"Person\",\"@id\":\"https:\\\/\\\/www.07000.no\\\/osteroy\\\/#\\\/schema\\\/person\\\/bc3cef62e92310b2cabf0f56ea82f0ab\",\"name\":\"adminosteroy\",\"image\":{\"@type\":\"ImageObject\",\"inLanguage\":\"nb-NO\",\"@id\":\"https:\\\/\\\/secure.gravatar.com\\\/avatar\\\/2068d56574d320429c38576de50bf22600b79203b8a8869fa88ce13429432073?s=96&d=mm&r=g\",\"url\":\"https:\\\/\\\/secure.gravatar.com\\\/avatar\\\/2068d56574d320429c38576de50bf22600b79203b8a8869fa88ce13429432073?s=96&d=mm&r=g\",\"contentUrl\":\"https:\\\/\\\/secure.gravatar.com\\\/avatar\\\/2068d56574d320429c38576de50bf22600b79203b8a8869fa88ce13429432073?s=96&d=mm&r=g\",\"caption\":\"adminosteroy\"},\"url\":\"https:\\\/\\\/www.07000.no\\\/osteroy\\\/aktuelt\\\/author\\\/adminosteroy\\\/\"}]}<\/script>\n<!-- \/ Yoast SEO plugin. -->","yoast_head_json":{"title":"Krav til munnbind i taxi fra 7.11.20 - Oster\u00f8y Taxi","robots":{"index":"index","follow":"follow","max-snippet":"max-snippet:-1","max-image-preview":"max-image-preview:large","max-video-preview":"max-video-preview:-1"},"canonical":"https:\/\/www.07000.no\/osteroy\/aktuelt\/krav-til-munnbind-i-taxi-fra-7-11-20\/","og_locale":"nb_NO","og_type":"article","og_title":"Krav til munnbind i taxi fra 7.11.20 - Oster\u00f8y Taxi","og_description":"Oster\u00f8y kommune har i lag med Bergen og kommunene rundt jobbet frem en felles tiltakspakke som skal bremse smitteutviklingen i regionen. Det er krav til bruk av munnbind eller ansiktsmaske i taxi, for sj\u00e5f\u00f8rer og alle passasjerer. Bestemmelsen gjelder ikke barn under ungdomsskolealder, eller personer som av andre helsemessige \u00e5rsaker ikke kan bruke munnbind.\u00a0 Tiltaket... Les mer","og_url":"https:\/\/www.07000.no\/osteroy\/aktuelt\/krav-til-munnbind-i-taxi-fra-7-11-20\/","og_site_name":"Oster\u00f8y Taxi","article_published_time":"2020-11-06T19:11:28+00:00","article_modified_time":"2020-11-06T19:13:24+00:00","og_image":[{"url":"https:\/\/www.07000.no\/osteroy\/wp-content\/uploads\/sites\/5\/2020\/11\/koronavirus-tema21-300x200.png","type":"","width":"","height":""}],"author":"adminosteroy","twitter_card":"summary_large_image","twitter_misc":{"Skrevet av":"adminosteroy"},"schema":{"@context":"https:\/\/schema.org","@graph":[{"@type":"Article","@id":"https:\/\/www.07000.no\/osteroy\/aktuelt\/krav-til-munnbind-i-taxi-fra-7-11-20\/#article","isPartOf":{"@id":"https:\/\/www.07000.no\/osteroy\/aktuelt\/krav-til-munnbind-i-taxi-fra-7-11-20\/"},"author":{"name":"adminosteroy","@id":"https:\/\/www.07000.no\/osteroy\/#\/schema\/person\/bc3cef62e92310b2cabf0f56ea82f0ab"},"headline":"Krav til munnbind i taxi fra 7.11.20","datePublished":"2020-11-06T19:11:28+00:00","dateModified":"2020-11-06T19:13:24+00:00","mainEntityOfPage":{"@id":"https:\/\/www.07000.no\/osteroy\/aktuelt\/krav-til-munnbind-i-taxi-fra-7-11-20\/"},"wordCount":102,"image":{"@id":"https:\/\/www.07000.no\/osteroy\/aktuelt\/krav-til-munnbind-i-taxi-fra-7-11-20\/#primaryimage"},"thumbnailUrl":"https:\/\/www.07000.no\/osteroy\/wp-content\/uploads\/sites\/5\/2020\/11\/koronavirus-tema21-300x200.png","inLanguage":"nb-NO"},{"@type":"WebPage","@id":"https:\/\/www.07000.no\/osteroy\/aktuelt\/krav-til-munnbind-i-taxi-fra-7-11-20\/","url":"https:\/\/www.07000.no\/osteroy\/aktuelt\/krav-til-munnbind-i-taxi-fra-7-11-20\/","name":"Krav til munnbind i taxi fra 7.11.20 - Oster\u00f8y Taxi","isPartOf":{"@id":"https:\/\/www.07000.no\/osteroy\/#website"},"primaryImageOfPage":{"@id":"https:\/\/www.07000.no\/osteroy\/aktuelt\/krav-til-munnbind-i-taxi-fra-7-11-20\/#primaryimage"},"image":{"@id":"https:\/\/www.07000.no\/osteroy\/aktuelt\/krav-til-munnbind-i-taxi-fra-7-11-20\/#primaryimage"},"thumbnailUrl":"https:\/\/www.07000.no\/osteroy\/wp-content\/uploads\/sites\/5\/2020\/11\/koronavirus-tema21-300x200.png","datePublished":"2020-11-06T19:11:28+00:00","dateModified":"2020-11-06T19:13:24+00:00","author":{"@id":"https:\/\/www.07000.no\/osteroy\/#\/schema\/person\/bc3cef62e92310b2cabf0f56ea82f0ab"},"breadcrumb":{"@id":"https:\/\/www.07000.no\/osteroy\/aktuelt\/krav-til-munnbind-i-taxi-fra-7-11-20\/#breadcrumb"},"inLanguage":"nb-NO","potentialAction":[{"@type":"ReadAction","target":["https:\/\/www.07000.no\/osteroy\/aktuelt\/krav-til-munnbind-i-taxi-fra-7-11-20\/"]}]},{"@type":"ImageObject","inLanguage":"nb-NO","@id":"https:\/\/www.07000.no\/osteroy\/aktuelt\/krav-til-munnbind-i-taxi-fra-7-11-20\/#primaryimage","url":"https:\/\/www.07000.no\/osteroy\/wp-content\/uploads\/sites\/5\/2020\/11\/koronavirus-tema21.png","contentUrl":"https:\/\/www.07000.no\/osteroy\/wp-content\/uploads\/sites\/5\/2020\/11\/koronavirus-tema21.png","width":370,"height":247},{"@type":"BreadcrumbList","@id":"https:\/\/www.07000.no\/osteroy\/aktuelt\/krav-til-munnbind-i-taxi-fra-7-11-20\/#breadcrumb","itemListElement":[{"@type":"ListItem","position":1,"name":"Hjem","item":"https:\/\/www.07000.no\/osteroy\/"},{"@type":"ListItem","position":2,"name":"Krav til munnbind i taxi fra 7.11.20"}]},{"@type":"WebSite","@id":"https:\/\/www.07000.no\/osteroy\/#website","url":"https:\/\/www.07000.no\/osteroy\/","name":"Oster\u00f8y Taxi","description":"Bestill taxi p\u00e5 nett eller i app!","potentialAction":[{"@type":"SearchAction","target":{"@type":"EntryPoint","urlTemplate":"https:\/\/www.07000.no\/osteroy\/?s={search_term_string}"},"query-input":{"@type":"PropertyValueSpecification","valueRequired":true,"valueName":"search_term_string"}}],"inLanguage":"nb-NO"},{"@type":"Person","@id":"https:\/\/www.07000.no\/osteroy\/#\/schema\/person\/bc3cef62e92310b2cabf0f56ea82f0ab","name":"adminosteroy","image":{"@type":"ImageObject","inLanguage":"nb-NO","@id":"https:\/\/secure.gravatar.com\/avatar\/2068d56574d320429c38576de50bf22600b79203b8a8869fa88ce13429432073?s=96&d=mm&r=g","url":"https:\/\/secure.gravatar.com\/avatar\/2068d56574d320429c38576de50bf22600b79203b8a8869fa88ce13429432073?s=96&d=mm&r=g","contentUrl":"https:\/\/secure.gravatar.com\/avatar\/2068d56574d320429c38576de50bf22600b79203b8a8869fa88ce13429432073?s=96&d=mm&r=g","caption":"adminosteroy"},"url":"https:\/\/www.07000.no\/osteroy\/aktuelt\/author\/adminosteroy\/"}]}},"_links":{"self":[{"href":"https:\/\/www.07000.no\/osteroy\/wp-json\/wp\/v2\/posts\/230","targetHints":{"allow":["GET"]}}],"collection":[{"href":"https:\/\/www.07000.no\/osteroy\/wp-json\/wp\/v2\/posts"}],"about":[{"href":"https:\/\/www.07000.no\/osteroy\/wp-json\/wp\/v2\/types\/post"}],"author":[{"embeddable":true,"href":"https:\/\/www.07000.no\/osteroy\/wp-json\/wp\/v2\/users\/15"}],"replies":[{"embeddable":true,"href":"https:\/\/www.07000.no\/osteroy\/wp-json\/wp\/v2\/comments?post=230"}],"version-history":[{"count":5,"href":"https:\/\/www.07000.no\/osteroy\/wp-json\/wp\/v2\/posts\/230\/revisions"}],"predecessor-version":[{"id":235,"href":"https:\/\/www.07000.no\/osteroy\/wp-json\/wp\/v2\/posts\/230\/revisions\/235"}],"wp:attachment":[{"href":"https:\/\/www.07000.no\/osteroy\/wp-json\/wp\/v2\/media?parent=230"}],"wp:term":[{"taxonomy":"category","embeddable":true,"href":"https:\/\/www.07000.no\/osteroy\/wp-json\/wp\/v2\/categories?post=230"},{"taxonomy":"post_tag","embeddable":true,"href":"https:\/\/www.07000.no\/osteroy\/wp-json\/wp\/v2\/tags?post=230"}],"curies":[{"name":"wp","href":"https:\/\/api.w.org\/{rel}","templated":true}]}}