{"id":279,"date":"2021-09-06T09:58:57","date_gmt":"2021-09-06T07:58:57","guid":{"rendered":"https:\/\/www.07000.no\/osteroy\/?p=279"},"modified":"2021-09-06T10:09:46","modified_gmt":"2021-09-06T08:09:46","slug":"07000-osteroy-taxi-uten-pasientreiser-fra-6-9-2021","status":"publish","type":"post","link":"https:\/\/www.07000.no\/osteroy\/aktuelt\/07000-osteroy-taxi-uten-pasientreiser-fra-6-9-2021\/","title":{"rendered":"07000 Oster\u00f8y Taxi uten pasientreiser fra 6.9.2021"},"content":{"rendered":"\n<figure class=\"wp-block-image size-large\"><img loading=\"lazy\" decoding=\"async\" width=\"1024\" height=\"768\" src=\"https:\/\/www.07000.no\/osteroy\/wp-content\/uploads\/sites\/5\/2020\/10\/IMG_0700-1024x768.jpg\" alt=\"\" class=\"wp-image-212\" srcset=\"https:\/\/www.07000.no\/osteroy\/wp-content\/uploads\/sites\/5\/2020\/10\/IMG_0700-1024x768.jpg 1024w, https:\/\/www.07000.no\/osteroy\/wp-content\/uploads\/sites\/5\/2020\/10\/IMG_0700-300x225.jpg 300w, https:\/\/www.07000.no\/osteroy\/wp-content\/uploads\/sites\/5\/2020\/10\/IMG_0700-768x576.jpg 768w, https:\/\/www.07000.no\/osteroy\/wp-content\/uploads\/sites\/5\/2020\/10\/IMG_0700-1536x1152.jpg 1536w, https:\/\/www.07000.no\/osteroy\/wp-content\/uploads\/sites\/5\/2020\/10\/IMG_0700-2048x1536.jpg 2048w\" sizes=\"auto, (max-width: 1024px) 100vw, 1024px\" \/><\/figure>\n\n\n\n<p style=\"font-size:27px\"><strong>Me er bekymra for Ostringane sin tryggheit!<\/strong><\/p>\n\n\n\n<p>Som dei fleste no sikkert har f\u00e5tt med seg, er det ikkje 07000 Oster\u00f8y Taxi som skal utf\u00f8ra transport av pasienter som ikkje treng ambulanse p\u00e5 Oster\u00f8y. Det kjem no til \u00e5 verta ein god del endringar for dei som treng Taxi til og fra behandlar. <\/p>\n\n\n\n<p>Pasientreiser tilbyr no kun transport mellom 06:00 og 18:00. Dette seier dei er godt nok pga. historisk lite behov mellom 18:00 og 06:00.<\/p>\n\n\n\n<p>Kva med dei som treng hjelp p\u00e5 kveld og natt, er ikkje dei viktige nok for Helse Bergen?<\/p>\n\n\n\n<p>Me kan akseptera \u00e5 tapa ein anbudsrunde n\u00e5r den er p\u00e5 like vilk\u00e5r, og ja, me kunne ogs\u00e5 gje pris kun mellom 06:00 og 18:00, men for oss var ikkje det et alternativ.<\/p>\n\n\n\n<p style=\"font-size:26px\"><strong>Kvifor skal Ostringane har eit d\u00e5rlegare tilbod enn resten av landet?<\/strong><\/p>\n\n\n\n<p>Me ser fram til kommande veker og m\u00e5nader med bekymring og ekstra viss kommande transport\u00f8r skal behandla Ostringane p\u00e5 same m\u00e5te som Vossingane og i tilegg ikkje skal tilby transport etter klokka 18:00.<\/p>\n\n\n\n<p>Me i 07000 Oster\u00f8y Taxi \u00f8nskjer \u00e5 informera alle v\u00e5re brukarar om at me fortsatt er her for alle som treng transport p\u00e5, og til og fra Oster\u00f8y, me har <span class=\"has-inline-color has-vivid-red-color\">vakt 24\/7<\/span> og h\u00e5par at grunnlaget for dette tilbodet ogs\u00e5 kan opprettholdast i framtida.<\/p>\n\n\n\n<p>Det er me som har skulekj\u00f8ringa, det er me som kj\u00f8rer til og fra butikken, arbeid, bes\u00f8k, fest osv.<\/p>\n\n\n\n<p>Hj\u00e5 oss kan du betale med kontanter, alle typer kort, Vipps, TT kort, og faktura for bedrifter etter avtale.<\/p>\n\n\n\n<p>Visst det er ynskjeleg kan dei som vil bruke TT kortet ogs\u00e5 til og fra behandler, sykehus mm gjera da.<\/p>\n\n\n\n<p>N\u00e5 det gjeldt behov for transport til og fra feks. Legevakt\/sjukehus mellom 18:00 og 06:00 kan me utf\u00f8ra dette, da m\u00e5 pasienten betale for turen, me hjelper med og fylla ut s\u00f8knadsskjema for \u00e5 refundert utgiftene og sende dette til Pasientreiser.<\/p>\n\n\n\n<p>Me ynskjer alle lykke til og h\u00e5par at alle hendingar som ikkje er akseptable vert formidla vidare for registrering. <\/p>\n\n\n\n<p>Send oss gjerne en <a href=\"mailto:post@osteroytaxi.no\">epost.<\/a><\/p>\n","protected":false},"excerpt":{"rendered":"<p>Me er bekymra for Ostringane sin tryggheit! Som dei fleste no sikkert har f\u00e5tt med seg, er det ikkje 07000 Oster\u00f8y Taxi som skal utf\u00f8ra transport av pasienter som ikkje treng ambulanse p\u00e5 Oster\u00f8y. Det kjem no til \u00e5 verta ein god del endringar for dei som treng Taxi til og fra behandlar. Pasientreiser tilbyr&#8230; <a class=\"readmore\" href=\"https:\/\/www.07000.no\/osteroy\/aktuelt\/07000-osteroy-taxi-uten-pasientreiser-fra-6-9-2021\/\"><i>Les mer<\/i><\/a><\/p>\n","protected":false},"author":15,"featured_media":0,"comment_status":"closed","ping_status":"closed","sticky":false,"template":"","format":"standard","meta":{"_acf_changed":false,"footnotes":""},"categories":[1],"tags":[],"class_list":["post-279","post","type-post","status-publish","format-standard","hentry","category-ukategorisert"],"acf":[],"yoast_head":"<!-- This site is optimized with the Yoast SEO plugin v27.4 - https:\/\/yoast.com\/product\/yoast-seo-wordpress\/ -->\n<title>07000 Oster\u00f8y Taxi uten pasientreiser fra 6.9.2021 - Oster\u00f8y Taxi<\/title>\n<meta name=\"robots\" content=\"index, follow, max-snippet:-1, max-image-preview:large, max-video-preview:-1\" \/>\n<link rel=\"canonical\" href=\"https:\/\/www.07000.no\/osteroy\/aktuelt\/07000-osteroy-taxi-uten-pasientreiser-fra-6-9-2021\/\" \/>\n<meta property=\"og:locale\" content=\"nb_NO\" \/>\n<meta property=\"og:type\" content=\"article\" \/>\n<meta property=\"og:title\" content=\"07000 Oster\u00f8y Taxi uten pasientreiser fra 6.9.2021 - Oster\u00f8y Taxi\" \/>\n<meta property=\"og:description\" content=\"Me er bekymra for Ostringane sin tryggheit! Som dei fleste no sikkert har f\u00e5tt med seg, er det ikkje 07000 Oster\u00f8y Taxi som skal utf\u00f8ra transport av pasienter som ikkje treng ambulanse p\u00e5 Oster\u00f8y. Det kjem no til \u00e5 verta ein god del endringar for dei som treng Taxi til og fra behandlar. Pasientreiser tilbyr... Les mer\" \/>\n<meta property=\"og:url\" content=\"https:\/\/www.07000.no\/osteroy\/aktuelt\/07000-osteroy-taxi-uten-pasientreiser-fra-6-9-2021\/\" \/>\n<meta property=\"og:site_name\" content=\"Oster\u00f8y Taxi\" \/>\n<meta property=\"article:published_time\" content=\"2021-09-06T07:58:57+00:00\" \/>\n<meta property=\"article:modified_time\" content=\"2021-09-06T08:09:46+00:00\" \/>\n<meta property=\"og:image\" content=\"https:\/\/www.07000.no\/osteroy\/wp-content\/uploads\/sites\/5\/2020\/10\/IMG_0700-1024x768.jpg\" \/>\n<meta name=\"author\" content=\"adminosteroy\" \/>\n<meta name=\"twitter:card\" content=\"summary_large_image\" \/>\n<meta name=\"twitter:label1\" content=\"Skrevet av\" \/>\n\t<meta name=\"twitter:data1\" content=\"adminosteroy\" \/>\n\t<meta name=\"twitter:label2\" content=\"Ansl. lesetid\" \/>\n\t<meta name=\"twitter:data2\" content=\"2 minutter\" \/>\n<script type=\"application\/ld+json\" class=\"yoast-schema-graph\">{\"@context\":\"https:\\\/\\\/schema.org\",\"@graph\":[{\"@type\":\"Article\",\"@id\":\"https:\\\/\\\/www.07000.no\\\/osteroy\\\/aktuelt\\\/07000-osteroy-taxi-uten-pasientreiser-fra-6-9-2021\\\/#article\",\"isPartOf\":{\"@id\":\"https:\\\/\\\/www.07000.no\\\/osteroy\\\/aktuelt\\\/07000-osteroy-taxi-uten-pasientreiser-fra-6-9-2021\\\/\"},\"author\":{\"name\":\"adminosteroy\",\"@id\":\"https:\\\/\\\/www.07000.no\\\/osteroy\\\/#\\\/schema\\\/person\\\/bc3cef62e92310b2cabf0f56ea82f0ab\"},\"headline\":\"07000 Oster\u00f8y Taxi uten pasientreiser fra 6.9.2021\",\"datePublished\":\"2021-09-06T07:58:57+00:00\",\"dateModified\":\"2021-09-06T08:09:46+00:00\",\"mainEntityOfPage\":{\"@id\":\"https:\\\/\\\/www.07000.no\\\/osteroy\\\/aktuelt\\\/07000-osteroy-taxi-uten-pasientreiser-fra-6-9-2021\\\/\"},\"wordCount\":349,\"image\":{\"@id\":\"https:\\\/\\\/www.07000.no\\\/osteroy\\\/aktuelt\\\/07000-osteroy-taxi-uten-pasientreiser-fra-6-9-2021\\\/#primaryimage\"},\"thumbnailUrl\":\"https:\\\/\\\/www.07000.no\\\/osteroy\\\/wp-content\\\/uploads\\\/sites\\\/5\\\/2020\\\/10\\\/IMG_0700-1024x768.jpg\",\"inLanguage\":\"nb-NO\"},{\"@type\":\"WebPage\",\"@id\":\"https:\\\/\\\/www.07000.no\\\/osteroy\\\/aktuelt\\\/07000-osteroy-taxi-uten-pasientreiser-fra-6-9-2021\\\/\",\"url\":\"https:\\\/\\\/www.07000.no\\\/osteroy\\\/aktuelt\\\/07000-osteroy-taxi-uten-pasientreiser-fra-6-9-2021\\\/\",\"name\":\"07000 Oster\u00f8y Taxi uten pasientreiser fra 6.9.2021 - Oster\u00f8y Taxi\",\"isPartOf\":{\"@id\":\"https:\\\/\\\/www.07000.no\\\/osteroy\\\/#website\"},\"primaryImageOfPage\":{\"@id\":\"https:\\\/\\\/www.07000.no\\\/osteroy\\\/aktuelt\\\/07000-osteroy-taxi-uten-pasientreiser-fra-6-9-2021\\\/#primaryimage\"},\"image\":{\"@id\":\"https:\\\/\\\/www.07000.no\\\/osteroy\\\/aktuelt\\\/07000-osteroy-taxi-uten-pasientreiser-fra-6-9-2021\\\/#primaryimage\"},\"thumbnailUrl\":\"https:\\\/\\\/www.07000.no\\\/osteroy\\\/wp-content\\\/uploads\\\/sites\\\/5\\\/2020\\\/10\\\/IMG_0700-1024x768.jpg\",\"datePublished\":\"2021-09-06T07:58:57+00:00\",\"dateModified\":\"2021-09-06T08:09:46+00:00\",\"author\":{\"@id\":\"https:\\\/\\\/www.07000.no\\\/osteroy\\\/#\\\/schema\\\/person\\\/bc3cef62e92310b2cabf0f56ea82f0ab\"},\"breadcrumb\":{\"@id\":\"https:\\\/\\\/www.07000.no\\\/osteroy\\\/aktuelt\\\/07000-osteroy-taxi-uten-pasientreiser-fra-6-9-2021\\\/#breadcrumb\"},\"inLanguage\":\"nb-NO\",\"potentialAction\":[{\"@type\":\"ReadAction\",\"target\":[\"https:\\\/\\\/www.07000.no\\\/osteroy\\\/aktuelt\\\/07000-osteroy-taxi-uten-pasientreiser-fra-6-9-2021\\\/\"]}]},{\"@type\":\"ImageObject\",\"inLanguage\":\"nb-NO\",\"@id\":\"https:\\\/\\\/www.07000.no\\\/osteroy\\\/aktuelt\\\/07000-osteroy-taxi-uten-pasientreiser-fra-6-9-2021\\\/#primaryimage\",\"url\":\"https:\\\/\\\/www.07000.no\\\/osteroy\\\/wp-content\\\/uploads\\\/sites\\\/5\\\/2020\\\/10\\\/IMG_0700-scaled.jpg\",\"contentUrl\":\"https:\\\/\\\/www.07000.no\\\/osteroy\\\/wp-content\\\/uploads\\\/sites\\\/5\\\/2020\\\/10\\\/IMG_0700-scaled.jpg\",\"width\":2560,\"height\":1920},{\"@type\":\"BreadcrumbList\",\"@id\":\"https:\\\/\\\/www.07000.no\\\/osteroy\\\/aktuelt\\\/07000-osteroy-taxi-uten-pasientreiser-fra-6-9-2021\\\/#breadcrumb\",\"itemListElement\":[{\"@type\":\"ListItem\",\"position\":1,\"name\":\"Hjem\",\"item\":\"https:\\\/\\\/www.07000.no\\\/osteroy\\\/\"},{\"@type\":\"ListItem\",\"position\":2,\"name\":\"07000 Oster\u00f8y Taxi uten pasientreiser fra 6.9.2021\"}]},{\"@type\":\"WebSite\",\"@id\":\"https:\\\/\\\/www.07000.no\\\/osteroy\\\/#website\",\"url\":\"https:\\\/\\\/www.07000.no\\\/osteroy\\\/\",\"name\":\"Oster\u00f8y Taxi\",\"description\":\"Bestill taxi p\u00e5 nett eller i app!\",\"potentialAction\":[{\"@type\":\"SearchAction\",\"target\":{\"@type\":\"EntryPoint\",\"urlTemplate\":\"https:\\\/\\\/www.07000.no\\\/osteroy\\\/?s={search_term_string}\"},\"query-input\":{\"@type\":\"PropertyValueSpecification\",\"valueRequired\":true,\"valueName\":\"search_term_string\"}}],\"inLanguage\":\"nb-NO\"},{\"@type\":\"Person\",\"@id\":\"https:\\\/\\\/www.07000.no\\\/osteroy\\\/#\\\/schema\\\/person\\\/bc3cef62e92310b2cabf0f56ea82f0ab\",\"name\":\"adminosteroy\",\"image\":{\"@type\":\"ImageObject\",\"inLanguage\":\"nb-NO\",\"@id\":\"https:\\\/\\\/secure.gravatar.com\\\/avatar\\\/2068d56574d320429c38576de50bf22600b79203b8a8869fa88ce13429432073?s=96&d=mm&r=g\",\"url\":\"https:\\\/\\\/secure.gravatar.com\\\/avatar\\\/2068d56574d320429c38576de50bf22600b79203b8a8869fa88ce13429432073?s=96&d=mm&r=g\",\"contentUrl\":\"https:\\\/\\\/secure.gravatar.com\\\/avatar\\\/2068d56574d320429c38576de50bf22600b79203b8a8869fa88ce13429432073?s=96&d=mm&r=g\",\"caption\":\"adminosteroy\"},\"url\":\"https:\\\/\\\/www.07000.no\\\/osteroy\\\/aktuelt\\\/author\\\/adminosteroy\\\/\"}]}<\/script>\n<!-- \/ Yoast SEO plugin. -->","yoast_head_json":{"title":"07000 Oster\u00f8y Taxi uten pasientreiser fra 6.9.2021 - Oster\u00f8y Taxi","robots":{"index":"index","follow":"follow","max-snippet":"max-snippet:-1","max-image-preview":"max-image-preview:large","max-video-preview":"max-video-preview:-1"},"canonical":"https:\/\/www.07000.no\/osteroy\/aktuelt\/07000-osteroy-taxi-uten-pasientreiser-fra-6-9-2021\/","og_locale":"nb_NO","og_type":"article","og_title":"07000 Oster\u00f8y Taxi uten pasientreiser fra 6.9.2021 - Oster\u00f8y Taxi","og_description":"Me er bekymra for Ostringane sin tryggheit! Som dei fleste no sikkert har f\u00e5tt med seg, er det ikkje 07000 Oster\u00f8y Taxi som skal utf\u00f8ra transport av pasienter som ikkje treng ambulanse p\u00e5 Oster\u00f8y. Det kjem no til \u00e5 verta ein god del endringar for dei som treng Taxi til og fra behandlar. Pasientreiser tilbyr... Les mer","og_url":"https:\/\/www.07000.no\/osteroy\/aktuelt\/07000-osteroy-taxi-uten-pasientreiser-fra-6-9-2021\/","og_site_name":"Oster\u00f8y Taxi","article_published_time":"2021-09-06T07:58:57+00:00","article_modified_time":"2021-09-06T08:09:46+00:00","og_image":[{"url":"https:\/\/www.07000.no\/osteroy\/wp-content\/uploads\/sites\/5\/2020\/10\/IMG_0700-1024x768.jpg","type":"","width":"","height":""}],"author":"adminosteroy","twitter_card":"summary_large_image","twitter_misc":{"Skrevet av":"adminosteroy","Ansl. lesetid":"2 minutter"},"schema":{"@context":"https:\/\/schema.org","@graph":[{"@type":"Article","@id":"https:\/\/www.07000.no\/osteroy\/aktuelt\/07000-osteroy-taxi-uten-pasientreiser-fra-6-9-2021\/#article","isPartOf":{"@id":"https:\/\/www.07000.no\/osteroy\/aktuelt\/07000-osteroy-taxi-uten-pasientreiser-fra-6-9-2021\/"},"author":{"name":"adminosteroy","@id":"https:\/\/www.07000.no\/osteroy\/#\/schema\/person\/bc3cef62e92310b2cabf0f56ea82f0ab"},"headline":"07000 Oster\u00f8y Taxi uten pasientreiser fra 6.9.2021","datePublished":"2021-09-06T07:58:57+00:00","dateModified":"2021-09-06T08:09:46+00:00","mainEntityOfPage":{"@id":"https:\/\/www.07000.no\/osteroy\/aktuelt\/07000-osteroy-taxi-uten-pasientreiser-fra-6-9-2021\/"},"wordCount":349,"image":{"@id":"https:\/\/www.07000.no\/osteroy\/aktuelt\/07000-osteroy-taxi-uten-pasientreiser-fra-6-9-2021\/#primaryimage"},"thumbnailUrl":"https:\/\/www.07000.no\/osteroy\/wp-content\/uploads\/sites\/5\/2020\/10\/IMG_0700-1024x768.jpg","inLanguage":"nb-NO"},{"@type":"WebPage","@id":"https:\/\/www.07000.no\/osteroy\/aktuelt\/07000-osteroy-taxi-uten-pasientreiser-fra-6-9-2021\/","url":"https:\/\/www.07000.no\/osteroy\/aktuelt\/07000-osteroy-taxi-uten-pasientreiser-fra-6-9-2021\/","name":"07000 Oster\u00f8y Taxi uten pasientreiser fra 6.9.2021 - Oster\u00f8y Taxi","isPartOf":{"@id":"https:\/\/www.07000.no\/osteroy\/#website"},"primaryImageOfPage":{"@id":"https:\/\/www.07000.no\/osteroy\/aktuelt\/07000-osteroy-taxi-uten-pasientreiser-fra-6-9-2021\/#primaryimage"},"image":{"@id":"https:\/\/www.07000.no\/osteroy\/aktuelt\/07000-osteroy-taxi-uten-pasientreiser-fra-6-9-2021\/#primaryimage"},"thumbnailUrl":"https:\/\/www.07000.no\/osteroy\/wp-content\/uploads\/sites\/5\/2020\/10\/IMG_0700-1024x768.jpg","datePublished":"2021-09-06T07:58:57+00:00","dateModified":"2021-09-06T08:09:46+00:00","author":{"@id":"https:\/\/www.07000.no\/osteroy\/#\/schema\/person\/bc3cef62e92310b2cabf0f56ea82f0ab"},"breadcrumb":{"@id":"https:\/\/www.07000.no\/osteroy\/aktuelt\/07000-osteroy-taxi-uten-pasientreiser-fra-6-9-2021\/#breadcrumb"},"inLanguage":"nb-NO","potentialAction":[{"@type":"ReadAction","target":["https:\/\/www.07000.no\/osteroy\/aktuelt\/07000-osteroy-taxi-uten-pasientreiser-fra-6-9-2021\/"]}]},{"@type":"ImageObject","inLanguage":"nb-NO","@id":"https:\/\/www.07000.no\/osteroy\/aktuelt\/07000-osteroy-taxi-uten-pasientreiser-fra-6-9-2021\/#primaryimage","url":"https:\/\/www.07000.no\/osteroy\/wp-content\/uploads\/sites\/5\/2020\/10\/IMG_0700-scaled.jpg","contentUrl":"https:\/\/www.07000.no\/osteroy\/wp-content\/uploads\/sites\/5\/2020\/10\/IMG_0700-scaled.jpg","width":2560,"height":1920},{"@type":"BreadcrumbList","@id":"https:\/\/www.07000.no\/osteroy\/aktuelt\/07000-osteroy-taxi-uten-pasientreiser-fra-6-9-2021\/#breadcrumb","itemListElement":[{"@type":"ListItem","position":1,"name":"Hjem","item":"https:\/\/www.07000.no\/osteroy\/"},{"@type":"ListItem","position":2,"name":"07000 Oster\u00f8y Taxi uten pasientreiser fra 6.9.2021"}]},{"@type":"WebSite","@id":"https:\/\/www.07000.no\/osteroy\/#website","url":"https:\/\/www.07000.no\/osteroy\/","name":"Oster\u00f8y Taxi","description":"Bestill taxi p\u00e5 nett eller i app!","potentialAction":[{"@type":"SearchAction","target":{"@type":"EntryPoint","urlTemplate":"https:\/\/www.07000.no\/osteroy\/?s={search_term_string}"},"query-input":{"@type":"PropertyValueSpecification","valueRequired":true,"valueName":"search_term_string"}}],"inLanguage":"nb-NO"},{"@type":"Person","@id":"https:\/\/www.07000.no\/osteroy\/#\/schema\/person\/bc3cef62e92310b2cabf0f56ea82f0ab","name":"adminosteroy","image":{"@type":"ImageObject","inLanguage":"nb-NO","@id":"https:\/\/secure.gravatar.com\/avatar\/2068d56574d320429c38576de50bf22600b79203b8a8869fa88ce13429432073?s=96&d=mm&r=g","url":"https:\/\/secure.gravatar.com\/avatar\/2068d56574d320429c38576de50bf22600b79203b8a8869fa88ce13429432073?s=96&d=mm&r=g","contentUrl":"https:\/\/secure.gravatar.com\/avatar\/2068d56574d320429c38576de50bf22600b79203b8a8869fa88ce13429432073?s=96&d=mm&r=g","caption":"adminosteroy"},"url":"https:\/\/www.07000.no\/osteroy\/aktuelt\/author\/adminosteroy\/"}]}},"_links":{"self":[{"href":"https:\/\/www.07000.no\/osteroy\/wp-json\/wp\/v2\/posts\/279","targetHints":{"allow":["GET"]}}],"collection":[{"href":"https:\/\/www.07000.no\/osteroy\/wp-json\/wp\/v2\/posts"}],"about":[{"href":"https:\/\/www.07000.no\/osteroy\/wp-json\/wp\/v2\/types\/post"}],"author":[{"embeddable":true,"href":"https:\/\/www.07000.no\/osteroy\/wp-json\/wp\/v2\/users\/15"}],"replies":[{"embeddable":true,"href":"https:\/\/www.07000.no\/osteroy\/wp-json\/wp\/v2\/comments?post=279"}],"version-history":[{"count":5,"href":"https:\/\/www.07000.no\/osteroy\/wp-json\/wp\/v2\/posts\/279\/revisions"}],"predecessor-version":[{"id":287,"href":"https:\/\/www.07000.no\/osteroy\/wp-json\/wp\/v2\/posts\/279\/revisions\/287"}],"wp:attachment":[{"href":"https:\/\/www.07000.no\/osteroy\/wp-json\/wp\/v2\/media?parent=279"}],"wp:term":[{"taxonomy":"category","embeddable":true,"href":"https:\/\/www.07000.no\/osteroy\/wp-json\/wp\/v2\/categories?post=279"},{"taxonomy":"post_tag","embeddable":true,"href":"https:\/\/www.07000.no\/osteroy\/wp-json\/wp\/v2\/tags?post=279"}],"curies":[{"name":"wp","href":"https:\/\/api.w.org\/{rel}","templated":true}]}}