{"id":521,"date":"2025-02-21T13:37:23","date_gmt":"2025-02-21T12:37:23","guid":{"rendered":"https:\/\/www.07000.no\/osteroy\/?p=521"},"modified":"2025-02-21T13:37:23","modified_gmt":"2025-02-21T12:37:23","slug":"oppstart-pasientreiser-pa-mandag","status":"publish","type":"post","link":"https:\/\/www.07000.no\/osteroy\/aktuelt\/oppstart-pasientreiser-pa-mandag\/","title":{"rendered":"Oppstart Pasientreiser p\u00e5 mandag"},"content":{"rendered":"\n<figure class=\"wp-block-image size-large\"><img loading=\"lazy\" decoding=\"async\" width=\"1024\" height=\"768\" src=\"https:\/\/www.07000.no\/osteroy\/wp-content\/uploads\/sites\/5\/2020\/12\/IMG_1644-1024x768.jpg\" alt=\"\" class=\"wp-image-256\" srcset=\"https:\/\/www.07000.no\/osteroy\/wp-content\/uploads\/sites\/5\/2020\/12\/IMG_1644-1024x768.jpg 1024w, https:\/\/www.07000.no\/osteroy\/wp-content\/uploads\/sites\/5\/2020\/12\/IMG_1644-300x225.jpg 300w, https:\/\/www.07000.no\/osteroy\/wp-content\/uploads\/sites\/5\/2020\/12\/IMG_1644-768x576.jpg 768w, https:\/\/www.07000.no\/osteroy\/wp-content\/uploads\/sites\/5\/2020\/12\/IMG_1644-1536x1152.jpg 1536w, https:\/\/www.07000.no\/osteroy\/wp-content\/uploads\/sites\/5\/2020\/12\/IMG_1644-2048x1536.jpg 2048w\" sizes=\"auto, (max-width: 1024px) 100vw, 1024px\" \/><\/figure>\n\n\n\n<p><strong>P\u00e5 mandag starter avtalen v\u00e5r med Helse Bergen og vi vil igjen bli \u00e5 se ved Haukeland<\/strong><\/p>\n\n\n\n<p><\/p>\n\n\n\n<p>Fra mandag 24.2 er vi tilbake og skal utf\u00f8re pasientreiser igjen. <\/p>\n\n\n\n<p>Og endelig skal ostringene igjen f\u00e5 et tilbud som er 24\/7, \u00e5ret rundt.<\/p>\n\n\n\n<p><\/p>\n\n\n\n<p><\/p>\n","protected":false},"excerpt":{"rendered":"<p>P\u00e5 mandag starter avtalen v\u00e5r med Helse Bergen og vi vil igjen bli \u00e5 se ved Haukeland Fra mandag 24.2 er vi tilbake og skal utf\u00f8re pasientreiser igjen. Og endelig skal ostringene igjen f\u00e5 et tilbud som er 24\/7, \u00e5ret rundt.<\/p>\n","protected":false},"author":15,"featured_media":256,"comment_status":"closed","ping_status":"closed","sticky":false,"template":"","format":"standard","meta":{"_acf_changed":false,"footnotes":""},"categories":[1],"tags":[],"class_list":["post-521","post","type-post","status-publish","format-standard","has-post-thumbnail","hentry","category-ukategorisert"],"acf":[],"yoast_head":"<!-- This site is optimized with the Yoast SEO plugin v27.5 - https:\/\/yoast.com\/product\/yoast-seo-wordpress\/ -->\n<title>Oppstart Pasientreiser p\u00e5 mandag - Oster\u00f8y Taxi<\/title>\n<meta name=\"robots\" content=\"index, follow, max-snippet:-1, max-image-preview:large, max-video-preview:-1\" \/>\n<link rel=\"canonical\" href=\"https:\/\/www.07000.no\/osteroy\/aktuelt\/oppstart-pasientreiser-pa-mandag\/\" \/>\n<meta property=\"og:locale\" content=\"nb_NO\" \/>\n<meta property=\"og:type\" content=\"article\" \/>\n<meta property=\"og:title\" content=\"Oppstart Pasientreiser p\u00e5 mandag - Oster\u00f8y Taxi\" \/>\n<meta property=\"og:description\" content=\"P\u00e5 mandag starter avtalen v\u00e5r med Helse Bergen og vi vil igjen bli \u00e5 se ved Haukeland Fra mandag 24.2 er vi tilbake og skal utf\u00f8re pasientreiser igjen. Og endelig skal ostringene igjen f\u00e5 et tilbud som er 24\/7, \u00e5ret rundt.\" \/>\n<meta property=\"og:url\" content=\"https:\/\/www.07000.no\/osteroy\/aktuelt\/oppstart-pasientreiser-pa-mandag\/\" \/>\n<meta property=\"og:site_name\" content=\"Oster\u00f8y Taxi\" \/>\n<meta property=\"article:published_time\" content=\"2025-02-21T12:37:23+00:00\" \/>\n<meta property=\"og:image\" content=\"https:\/\/www.07000.no\/osteroy\/wp-content\/uploads\/sites\/5\/2020\/12\/IMG_1644-scaled.jpg\" \/>\n\t<meta property=\"og:image:width\" content=\"2560\" \/>\n\t<meta property=\"og:image:height\" content=\"1920\" \/>\n\t<meta property=\"og:image:type\" content=\"image\/jpeg\" \/>\n<meta name=\"author\" content=\"adminosteroy\" \/>\n<meta name=\"twitter:card\" content=\"summary_large_image\" \/>\n<meta name=\"twitter:label1\" content=\"Skrevet av\" \/>\n\t<meta name=\"twitter:data1\" content=\"adminosteroy\" \/>\n\t<meta name=\"twitter:label2\" content=\"Ansl. lesetid\" \/>\n\t<meta name=\"twitter:data2\" content=\"1 minutt\" \/>\n<script type=\"application\/ld+json\" class=\"yoast-schema-graph\">{\"@context\":\"https:\\\/\\\/schema.org\",\"@graph\":[{\"@type\":\"Article\",\"@id\":\"https:\\\/\\\/www.07000.no\\\/osteroy\\\/aktuelt\\\/oppstart-pasientreiser-pa-mandag\\\/#article\",\"isPartOf\":{\"@id\":\"https:\\\/\\\/www.07000.no\\\/osteroy\\\/aktuelt\\\/oppstart-pasientreiser-pa-mandag\\\/\"},\"author\":{\"name\":\"adminosteroy\",\"@id\":\"https:\\\/\\\/www.07000.no\\\/osteroy\\\/#\\\/schema\\\/person\\\/bc3cef62e92310b2cabf0f56ea82f0ab\"},\"headline\":\"Oppstart Pasientreiser p\u00e5 mandag\",\"datePublished\":\"2025-02-21T12:37:23+00:00\",\"mainEntityOfPage\":{\"@id\":\"https:\\\/\\\/www.07000.no\\\/osteroy\\\/aktuelt\\\/oppstart-pasientreiser-pa-mandag\\\/\"},\"wordCount\":44,\"image\":{\"@id\":\"https:\\\/\\\/www.07000.no\\\/osteroy\\\/aktuelt\\\/oppstart-pasientreiser-pa-mandag\\\/#primaryimage\"},\"thumbnailUrl\":\"https:\\\/\\\/www.07000.no\\\/osteroy\\\/wp-content\\\/uploads\\\/sites\\\/5\\\/2020\\\/12\\\/IMG_1644-scaled.jpg\",\"inLanguage\":\"nb-NO\"},{\"@type\":\"WebPage\",\"@id\":\"https:\\\/\\\/www.07000.no\\\/osteroy\\\/aktuelt\\\/oppstart-pasientreiser-pa-mandag\\\/\",\"url\":\"https:\\\/\\\/www.07000.no\\\/osteroy\\\/aktuelt\\\/oppstart-pasientreiser-pa-mandag\\\/\",\"name\":\"Oppstart Pasientreiser p\u00e5 mandag - Oster\u00f8y Taxi\",\"isPartOf\":{\"@id\":\"https:\\\/\\\/www.07000.no\\\/osteroy\\\/#website\"},\"primaryImageOfPage\":{\"@id\":\"https:\\\/\\\/www.07000.no\\\/osteroy\\\/aktuelt\\\/oppstart-pasientreiser-pa-mandag\\\/#primaryimage\"},\"image\":{\"@id\":\"https:\\\/\\\/www.07000.no\\\/osteroy\\\/aktuelt\\\/oppstart-pasientreiser-pa-mandag\\\/#primaryimage\"},\"thumbnailUrl\":\"https:\\\/\\\/www.07000.no\\\/osteroy\\\/wp-content\\\/uploads\\\/sites\\\/5\\\/2020\\\/12\\\/IMG_1644-scaled.jpg\",\"datePublished\":\"2025-02-21T12:37:23+00:00\",\"author\":{\"@id\":\"https:\\\/\\\/www.07000.no\\\/osteroy\\\/#\\\/schema\\\/person\\\/bc3cef62e92310b2cabf0f56ea82f0ab\"},\"breadcrumb\":{\"@id\":\"https:\\\/\\\/www.07000.no\\\/osteroy\\\/aktuelt\\\/oppstart-pasientreiser-pa-mandag\\\/#breadcrumb\"},\"inLanguage\":\"nb-NO\",\"potentialAction\":[{\"@type\":\"ReadAction\",\"target\":[\"https:\\\/\\\/www.07000.no\\\/osteroy\\\/aktuelt\\\/oppstart-pasientreiser-pa-mandag\\\/\"]}]},{\"@type\":\"ImageObject\",\"inLanguage\":\"nb-NO\",\"@id\":\"https:\\\/\\\/www.07000.no\\\/osteroy\\\/aktuelt\\\/oppstart-pasientreiser-pa-mandag\\\/#primaryimage\",\"url\":\"https:\\\/\\\/www.07000.no\\\/osteroy\\\/wp-content\\\/uploads\\\/sites\\\/5\\\/2020\\\/12\\\/IMG_1644-scaled.jpg\",\"contentUrl\":\"https:\\\/\\\/www.07000.no\\\/osteroy\\\/wp-content\\\/uploads\\\/sites\\\/5\\\/2020\\\/12\\\/IMG_1644-scaled.jpg\",\"width\":2560,\"height\":1920},{\"@type\":\"BreadcrumbList\",\"@id\":\"https:\\\/\\\/www.07000.no\\\/osteroy\\\/aktuelt\\\/oppstart-pasientreiser-pa-mandag\\\/#breadcrumb\",\"itemListElement\":[{\"@type\":\"ListItem\",\"position\":1,\"name\":\"Hjem\",\"item\":\"https:\\\/\\\/www.07000.no\\\/osteroy\\\/\"},{\"@type\":\"ListItem\",\"position\":2,\"name\":\"Oppstart Pasientreiser p\u00e5 mandag\"}]},{\"@type\":\"WebSite\",\"@id\":\"https:\\\/\\\/www.07000.no\\\/osteroy\\\/#website\",\"url\":\"https:\\\/\\\/www.07000.no\\\/osteroy\\\/\",\"name\":\"Oster\u00f8y Taxi\",\"description\":\"Bestill taxi p\u00e5 nett eller i app!\",\"potentialAction\":[{\"@type\":\"SearchAction\",\"target\":{\"@type\":\"EntryPoint\",\"urlTemplate\":\"https:\\\/\\\/www.07000.no\\\/osteroy\\\/?s={search_term_string}\"},\"query-input\":{\"@type\":\"PropertyValueSpecification\",\"valueRequired\":true,\"valueName\":\"search_term_string\"}}],\"inLanguage\":\"nb-NO\"},{\"@type\":\"Person\",\"@id\":\"https:\\\/\\\/www.07000.no\\\/osteroy\\\/#\\\/schema\\\/person\\\/bc3cef62e92310b2cabf0f56ea82f0ab\",\"name\":\"adminosteroy\",\"image\":{\"@type\":\"ImageObject\",\"inLanguage\":\"nb-NO\",\"@id\":\"https:\\\/\\\/secure.gravatar.com\\\/avatar\\\/2068d56574d320429c38576de50bf22600b79203b8a8869fa88ce13429432073?s=96&d=mm&r=g\",\"url\":\"https:\\\/\\\/secure.gravatar.com\\\/avatar\\\/2068d56574d320429c38576de50bf22600b79203b8a8869fa88ce13429432073?s=96&d=mm&r=g\",\"contentUrl\":\"https:\\\/\\\/secure.gravatar.com\\\/avatar\\\/2068d56574d320429c38576de50bf22600b79203b8a8869fa88ce13429432073?s=96&d=mm&r=g\",\"caption\":\"adminosteroy\"},\"url\":\"https:\\\/\\\/www.07000.no\\\/osteroy\\\/aktuelt\\\/author\\\/adminosteroy\\\/\"}]}<\/script>\n<!-- \/ Yoast SEO plugin. -->","yoast_head_json":{"title":"Oppstart Pasientreiser p\u00e5 mandag - Oster\u00f8y Taxi","robots":{"index":"index","follow":"follow","max-snippet":"max-snippet:-1","max-image-preview":"max-image-preview:large","max-video-preview":"max-video-preview:-1"},"canonical":"https:\/\/www.07000.no\/osteroy\/aktuelt\/oppstart-pasientreiser-pa-mandag\/","og_locale":"nb_NO","og_type":"article","og_title":"Oppstart Pasientreiser p\u00e5 mandag - Oster\u00f8y Taxi","og_description":"P\u00e5 mandag starter avtalen v\u00e5r med Helse Bergen og vi vil igjen bli \u00e5 se ved Haukeland Fra mandag 24.2 er vi tilbake og skal utf\u00f8re pasientreiser igjen. Og endelig skal ostringene igjen f\u00e5 et tilbud som er 24\/7, \u00e5ret rundt.","og_url":"https:\/\/www.07000.no\/osteroy\/aktuelt\/oppstart-pasientreiser-pa-mandag\/","og_site_name":"Oster\u00f8y Taxi","article_published_time":"2025-02-21T12:37:23+00:00","og_image":[{"width":2560,"height":1920,"url":"https:\/\/www.07000.no\/osteroy\/wp-content\/uploads\/sites\/5\/2020\/12\/IMG_1644-scaled.jpg","type":"image\/jpeg"}],"author":"adminosteroy","twitter_card":"summary_large_image","twitter_misc":{"Skrevet av":"adminosteroy","Ansl. lesetid":"1 minutt"},"schema":{"@context":"https:\/\/schema.org","@graph":[{"@type":"Article","@id":"https:\/\/www.07000.no\/osteroy\/aktuelt\/oppstart-pasientreiser-pa-mandag\/#article","isPartOf":{"@id":"https:\/\/www.07000.no\/osteroy\/aktuelt\/oppstart-pasientreiser-pa-mandag\/"},"author":{"name":"adminosteroy","@id":"https:\/\/www.07000.no\/osteroy\/#\/schema\/person\/bc3cef62e92310b2cabf0f56ea82f0ab"},"headline":"Oppstart Pasientreiser p\u00e5 mandag","datePublished":"2025-02-21T12:37:23+00:00","mainEntityOfPage":{"@id":"https:\/\/www.07000.no\/osteroy\/aktuelt\/oppstart-pasientreiser-pa-mandag\/"},"wordCount":44,"image":{"@id":"https:\/\/www.07000.no\/osteroy\/aktuelt\/oppstart-pasientreiser-pa-mandag\/#primaryimage"},"thumbnailUrl":"https:\/\/www.07000.no\/osteroy\/wp-content\/uploads\/sites\/5\/2020\/12\/IMG_1644-scaled.jpg","inLanguage":"nb-NO"},{"@type":"WebPage","@id":"https:\/\/www.07000.no\/osteroy\/aktuelt\/oppstart-pasientreiser-pa-mandag\/","url":"https:\/\/www.07000.no\/osteroy\/aktuelt\/oppstart-pasientreiser-pa-mandag\/","name":"Oppstart Pasientreiser p\u00e5 mandag - Oster\u00f8y Taxi","isPartOf":{"@id":"https:\/\/www.07000.no\/osteroy\/#website"},"primaryImageOfPage":{"@id":"https:\/\/www.07000.no\/osteroy\/aktuelt\/oppstart-pasientreiser-pa-mandag\/#primaryimage"},"image":{"@id":"https:\/\/www.07000.no\/osteroy\/aktuelt\/oppstart-pasientreiser-pa-mandag\/#primaryimage"},"thumbnailUrl":"https:\/\/www.07000.no\/osteroy\/wp-content\/uploads\/sites\/5\/2020\/12\/IMG_1644-scaled.jpg","datePublished":"2025-02-21T12:37:23+00:00","author":{"@id":"https:\/\/www.07000.no\/osteroy\/#\/schema\/person\/bc3cef62e92310b2cabf0f56ea82f0ab"},"breadcrumb":{"@id":"https:\/\/www.07000.no\/osteroy\/aktuelt\/oppstart-pasientreiser-pa-mandag\/#breadcrumb"},"inLanguage":"nb-NO","potentialAction":[{"@type":"ReadAction","target":["https:\/\/www.07000.no\/osteroy\/aktuelt\/oppstart-pasientreiser-pa-mandag\/"]}]},{"@type":"ImageObject","inLanguage":"nb-NO","@id":"https:\/\/www.07000.no\/osteroy\/aktuelt\/oppstart-pasientreiser-pa-mandag\/#primaryimage","url":"https:\/\/www.07000.no\/osteroy\/wp-content\/uploads\/sites\/5\/2020\/12\/IMG_1644-scaled.jpg","contentUrl":"https:\/\/www.07000.no\/osteroy\/wp-content\/uploads\/sites\/5\/2020\/12\/IMG_1644-scaled.jpg","width":2560,"height":1920},{"@type":"BreadcrumbList","@id":"https:\/\/www.07000.no\/osteroy\/aktuelt\/oppstart-pasientreiser-pa-mandag\/#breadcrumb","itemListElement":[{"@type":"ListItem","position":1,"name":"Hjem","item":"https:\/\/www.07000.no\/osteroy\/"},{"@type":"ListItem","position":2,"name":"Oppstart Pasientreiser p\u00e5 mandag"}]},{"@type":"WebSite","@id":"https:\/\/www.07000.no\/osteroy\/#website","url":"https:\/\/www.07000.no\/osteroy\/","name":"Oster\u00f8y Taxi","description":"Bestill taxi p\u00e5 nett eller i app!","potentialAction":[{"@type":"SearchAction","target":{"@type":"EntryPoint","urlTemplate":"https:\/\/www.07000.no\/osteroy\/?s={search_term_string}"},"query-input":{"@type":"PropertyValueSpecification","valueRequired":true,"valueName":"search_term_string"}}],"inLanguage":"nb-NO"},{"@type":"Person","@id":"https:\/\/www.07000.no\/osteroy\/#\/schema\/person\/bc3cef62e92310b2cabf0f56ea82f0ab","name":"adminosteroy","image":{"@type":"ImageObject","inLanguage":"nb-NO","@id":"https:\/\/secure.gravatar.com\/avatar\/2068d56574d320429c38576de50bf22600b79203b8a8869fa88ce13429432073?s=96&d=mm&r=g","url":"https:\/\/secure.gravatar.com\/avatar\/2068d56574d320429c38576de50bf22600b79203b8a8869fa88ce13429432073?s=96&d=mm&r=g","contentUrl":"https:\/\/secure.gravatar.com\/avatar\/2068d56574d320429c38576de50bf22600b79203b8a8869fa88ce13429432073?s=96&d=mm&r=g","caption":"adminosteroy"},"url":"https:\/\/www.07000.no\/osteroy\/aktuelt\/author\/adminosteroy\/"}]}},"_links":{"self":[{"href":"https:\/\/www.07000.no\/osteroy\/wp-json\/wp\/v2\/posts\/521","targetHints":{"allow":["GET"]}}],"collection":[{"href":"https:\/\/www.07000.no\/osteroy\/wp-json\/wp\/v2\/posts"}],"about":[{"href":"https:\/\/www.07000.no\/osteroy\/wp-json\/wp\/v2\/types\/post"}],"author":[{"embeddable":true,"href":"https:\/\/www.07000.no\/osteroy\/wp-json\/wp\/v2\/users\/15"}],"replies":[{"embeddable":true,"href":"https:\/\/www.07000.no\/osteroy\/wp-json\/wp\/v2\/comments?post=521"}],"version-history":[{"count":1,"href":"https:\/\/www.07000.no\/osteroy\/wp-json\/wp\/v2\/posts\/521\/revisions"}],"predecessor-version":[{"id":522,"href":"https:\/\/www.07000.no\/osteroy\/wp-json\/wp\/v2\/posts\/521\/revisions\/522"}],"wp:featuredmedia":[{"embeddable":true,"href":"https:\/\/www.07000.no\/osteroy\/wp-json\/wp\/v2\/media\/256"}],"wp:attachment":[{"href":"https:\/\/www.07000.no\/osteroy\/wp-json\/wp\/v2\/media?parent=521"}],"wp:term":[{"taxonomy":"category","embeddable":true,"href":"https:\/\/www.07000.no\/osteroy\/wp-json\/wp\/v2\/categories?post=521"},{"taxonomy":"post_tag","embeddable":true,"href":"https:\/\/www.07000.no\/osteroy\/wp-json\/wp\/v2\/tags?post=521"}],"curies":[{"name":"wp","href":"https:\/\/api.w.org\/{rel}","templated":true}]}}